{"id":358893,"date":"2021-11-29T16:11:03","date_gmt":"2021-11-29T16:11:03","guid":{"rendered":"https:\/\/www.elitax.com\/obligation-fiscale-pour-les-employeurs-etrangers-ayant-un-salarie-en-france\/"},"modified":"2021-12-27T20:31:29","modified_gmt":"2021-12-27T20:31:29","slug":"obligation-fiscale-pour-les-employeurs-etrangers-ayant-un-salarie-en-france","status":"publish","type":"post","link":"https:\/\/www.elitax.com\/fr\/obligation-fiscale-pour-les-employeurs-etrangers-ayant-un-salarie-en-france\/","title":{"rendered":"Obligation fiscale pour les employeurs \u00e9trangers qui ont un salari\u00e9 en France"},"content":{"rendered":"<p>[et_pb_section fb_built=\u00a0\u00bb1&Prime; _builder_version=\u00a0\u00bb4.13.1&Prime; _module_preset=\u00a0\u00bbdefault\u00a0\u00bb global_colors_info=\u00a0\u00bb{}\u00a0\u00bb theme_builder_area=\u00a0\u00bbpost_content\u00a0\u00bb][et_pb_row _builder_version=\u00a0\u00bb4.13.1&Prime; _module_preset=\u00a0\u00bbdefault\u00a0\u00bb global_colors_info=\u00a0\u00bb{}\u00a0\u00bb theme_builder_area=\u00a0\u00bbpost_content\u00a0\u00bb][et_pb_column type=\u00a0\u00bb4_4&Prime; _builder_version=\u00a0\u00bb4.13.1&Prime; _module_preset=\u00a0\u00bbdefault\u00a0\u00bb global_colors_info=\u00a0\u00bb{}\u00a0\u00bb theme_builder_area=\u00a0\u00bbpost_content\u00a0\u00bb][et_pb_text _builder_version=\u00a0\u00bb4.13.1&Prime; _module_preset=\u00a0\u00bbdefault\u00a0\u00bb global_colors_info=\u00a0\u00bb{}\u00a0\u00bb theme_builder_area=\u00a0\u00bbpost_content\u00a0\u00bb]<\/p>\n<div class=\"vc_row wpb_row vc_row-fluid\">\n<div class=\"wpb_column vc_column_container vc_col-sm-12\">\n<div class=\"vc_column-inner \">\n<div class=\"wpb_wrapper\">\n<div class=\"wpb_text_column wpb_content_element \">\n<div class=\"wpb_wrapper\">\n<p>\u00c0 compter de janvier 2019, avec l&rsquo;entr\u00e9e en vigueur du \u00ab Retenu \u00e0 la source \u00bb <sup>1<\/sup><span> <\/span>en France (\u00e9galement appel\u00e9 \u00ab Pr\u00e9l\u00e8vement \u00e0 la source \u00bb ou \u00ab PAS \u00bb), les entreprises doivent percevoir l&rsquo;imp\u00f4t \u00e0 la source (comme c&rsquo;est le cas dans presque tous les pays du monde), en m\u00eame temps que les cotisations sociales, en appliquant un taux d&rsquo;imposition communiqu\u00e9 par l&rsquo;administration fiscale fran\u00e7aise ou le taux d&rsquo;imposition neutre. toutes les entreprises qui versent des salaires \u00e0 un salari\u00e9 r\u00e9sidant en France doivent percevoir et acquitter le Pr\u00e9compte mobilier qu&rsquo;elles soient fran\u00e7aises ou \u00e9trang\u00e8res.<\/p>\n<p>Cela signifie qu&rsquo;une entreprise \u00e9trang\u00e8re qui emploie un r\u00e9sident fiscal fran\u00e7ais doit \u00eatre immatricul\u00e9e en France pour pouvoir rembourser les cotisations sociales \u2013 cotisations patronales et salariales \u2013 ainsi que le PAS collect\u00e9.<\/p>\n<p>Pour remplir ses obligations relatives \u00e0 la d\u00e9claration et au paiement des cotisations sociales et du PAS, l&#8217;employeur \u00e9tranger doit d\u00e9signer un repr\u00e9sentant fiscal, qui doit \u00eatre un contribuable \u00e9tabli en France et agr\u00e9\u00e9 par l&rsquo;administration fiscale fran\u00e7aise.<\/p>\n<p><strong> <\/strong><\/p>\n<p><strong>Qu&rsquo;est-ce qu&rsquo;un repr\u00e9sentant fiscal ?<\/strong><\/p>\n<p>Le repr\u00e9sentant fiscal est un interm\u00e9diaire entre l&rsquo;administration fiscale fran\u00e7aise et l&#8217;employeur \u00e9tranger qui emploie un salari\u00e9 r\u00e9sidant en France. Leur mission principale est de s&rsquo;assurer de la conformit\u00e9 de l&#8217;employeur \u00e9tranger \u00e0 la l\u00e9gislation fiscale fran\u00e7aise. Le repr\u00e9sentant fiscal sera personnellement responsable des obligations d\u00e9claratives et financi\u00e8res incombant normalement \u00e0 l&#8217;employeur.<\/p>\n<p><strong> <\/strong><\/p>\n<p><strong>Qui a besoin d&rsquo;un repr\u00e9sentant fiscal ?<\/strong><\/p>\n<p>En vertu des dispositions de la directive europ\u00e9enne 2006\/112\/CE, l&rsquo;obligation de d\u00e9signer un repr\u00e9sentant fiscal en France est obligatoire pour une soci\u00e9t\u00e9 \u00e9trang\u00e8re sans \u00e9tablissement stable en France ou dans l&rsquo;Union europ\u00e9enne, qui r\u00e9alise des op\u00e9rations imposables dans un \u00c9tat membre.<\/p>\n<p>Cette obligation ne s&rsquo;applique pas aux entreprises \u00e9tablies dans l&rsquo;Union europ\u00e9enne ou dans un pays de l&rsquo;Espace \u00e9conomique europ\u00e9en (EEE). Cependant, ils peuvent toujours d\u00e9signer un agent fiscal pour des raisons de commodit\u00e9.<\/p>\n<p><strong> <\/strong><\/p>\n<p><strong>Le r\u00f4le du repr\u00e9sentant fiscal ?<\/strong><\/p>\n<p>Le Retenu \u00e0 la Source\/PAS collect\u00e9 est \u00e0 d\u00e9clarer chaque mois en soumettant :<\/p>\n<ul>\n<li>la DSN (D\u00e9claration Sociale Nominative) \u2013 le 5 ou le 15 du mois suivant le versement des salaires OU,<\/li>\n<li>le PASRAU (Retenue \u00e0 la source sur les autres revenus) \u2013 lorsque les cotisations sociales ne sont pas dues en France par exemple \u2013 le 10 du mois suivant le versement des salaires.<\/li>\n<\/ul>\n<p>&nbsp;<\/p>\n<p>Pour pouvoir percevoir et acquitter le Retenue \u00e0 la source\/PAS aupr\u00e8s de l&rsquo;administration fiscale fran\u00e7aise, la soci\u00e9t\u00e9 \u00e9trang\u00e8re doit :<\/p>\n<ul>\n<li>\u00catre inscrit <sup>2<\/sup><span> <\/span>en France et obtenir un<span> <\/span><strong>num\u00e9ro d&rsquo;identification fiscale (SIREN\/SIRET)<\/strong><\/li>\n<li>Cr\u00e9er un compte professionnel sur le site du gouvernement fran\u00e7ais \u00ab imp\u00f4t.gouv.fr \u00bb<\/li>\n<li>Pr\u00e9voir un compte SEPA (pour le paiement des cotisations sociales et PAS en France)<\/li>\n<\/ul>\n<p>&nbsp;<\/p>\n<p><strong><u>Le repr\u00e9sentant fiscal se chargera de ces obligations pour la soci\u00e9t\u00e9 \u00e9trang\u00e8re.<\/u><\/strong><\/p>\n<ul>\n<li>Le salari\u00e9 travaillant pour l&rsquo;entreprise \u00e9trang\u00e8re sera donc prot\u00e9g\u00e9 contre :<\/li>\n<li>les risques de maladie, maternit\u00e9, invalidit\u00e9, d\u00e9c\u00e8s<\/li>\n<li>risque vieillesse dont retraites compl\u00e9mentaires<\/li>\n<li>d\u00e9penses familiales<\/li>\n<li>les risques d&rsquo;accidents du travail et de maladies professionnelles<\/li>\n<li>le risque de ch\u00f4mage<\/li>\n<\/ul>\n<p>Le repr\u00e9sentant fiscal est le garant de la fiscalit\u00e9 et de la conformit\u00e9 de l&#8217;employeur \u00e9tranger. Ils sont donc tenus responsables en cas de non-respect de ces obligations, et des d\u00e9clarations faites au nom de la soci\u00e9t\u00e9 \u00e9trang\u00e8re (y compris celles dont ils n&rsquo;ont pas connaissance).<\/p>\n<\/div>\n<\/div>\n<\/div>\n<\/div>\n<\/div>\n<\/div>\n<div class=\"vc_row wpb_row vc_row-fluid\">\n<div class=\"wpb_column vc_column_container vc_col-sm-12\">\n<div class=\"vc_column-inner \">\n<div class=\"wpb_wrapper\">\n<div class=\"wpb_text_column wpb_content_element \">\n<div class=\"wpb_wrapper\">\n<p><em>1)<\/em><span> <\/span><em>La retenue \u00e0 la source ne modifie pas les r\u00e8gles habituelles de calcul de l&rsquo;imp\u00f4t sur le revenu. Son but est d&rsquo;\u00e9viter le d\u00e9calage d&rsquo;un an dans le paiement de l&rsquo;imp\u00f4t et de permettre au contribuable de payer l&rsquo;imp\u00f4t sur le revenu l&rsquo;ann\u00e9e de perception des recettes.<\/em><\/p>\n<p><em>2) Cette inscription doit \u00eatre d\u00e9pos\u00e9e aupr\u00e8s du Service des Imp\u00f4ts des Entreprises \u00c9trang\u00e8res (SIEE), Service des Imp\u00f4ts des Entreprises \u00c9trang\u00e8res (SIEE),<\/em><\/p>\n<\/div>\n<\/div>\n<\/div>\n<\/div>\n<\/div>\n<\/div>\n<p>[\/et_pb_text][\/et_pb_column][\/et_pb_row][\/et_pb_section]<\/p>\n","protected":false},"excerpt":{"rendered":"<p>\u00c0 compter de janvier 2019, avec l&rsquo;entr\u00e9e en vigueur du \u00ab Retenu \u00e0 la source \u00bb 1 en France (\u00e9galement appel\u00e9 \u00ab Pr\u00e9l\u00e8vement \u00e0 la source \u00bb ou \u00ab PAS \u00bb), les entreprises doivent percevoir l&rsquo;imp\u00f4t \u00e0 la source (comme c&rsquo;est le cas dans presque tous les pays du monde), en m\u00eame temps que les [&hellip;]<\/p>\n","protected":false},"author":1,"featured_media":358442,"comment_status":"open","ping_status":"open","sticky":false,"template":"","format":"standard","meta":{"_et_pb_use_builder":"on","_et_pb_old_content":"","_et_gb_content_width":"","footnotes":""},"categories":[14],"tags":[],"class_list":["post-358893","post","type-post","status-publish","format-standard","has-post-thumbnail","hentry","category-non-classifiee"],"yoast_head":"<!-- This site is optimized with the Yoast SEO plugin v27.2 - https:\/\/yoast.com\/product\/yoast-seo-wordpress\/ -->\n<title>Obligation fiscale pour les employeurs \u00e9trangers qui ont un salari\u00e9 en France<\/title>\n<meta name=\"description\" content=\"D\u00e9couvrez les diff\u00e9rentes obligations que les employeurs \u00e9trangers ayant un salari\u00e9 en France doivent respecter\" \/>\n<meta name=\"robots\" content=\"index, follow, max-snippet:-1, max-image-preview:large, max-video-preview:-1\" \/>\n<link rel=\"canonical\" href=\"https:\/\/www.elitax.com\/fr\/obligation-fiscale-pour-les-employeurs-etrangers-ayant-un-salarie-en-france\/\" \/>\n<meta property=\"og:locale\" content=\"fr_FR\" \/>\n<meta property=\"og:type\" content=\"article\" \/>\n<meta property=\"og:title\" content=\"Obligation fiscale pour les employeurs \u00e9trangers qui ont un salari\u00e9 en France\" \/>\n<meta property=\"og:description\" content=\"D\u00e9couvrez les diff\u00e9rentes obligations que les employeurs \u00e9trangers ayant un salari\u00e9 en France doivent respecter\" \/>\n<meta property=\"og:url\" content=\"https:\/\/www.elitax.com\/fr\/obligation-fiscale-pour-les-employeurs-etrangers-ayant-un-salarie-en-france\/\" \/>\n<meta property=\"og:site_name\" content=\"ELITAX\" \/>\n<meta property=\"article:published_time\" content=\"2021-11-29T16:11:03+00:00\" \/>\n<meta property=\"article:modified_time\" content=\"2021-12-27T20:31:29+00:00\" \/>\n<meta property=\"og:image\" content=\"https:\/\/www.elitax.com\/wp-content\/uploads\/2021\/11\/Social.png\" \/>\n\t<meta property=\"og:image:width\" content=\"1024\" \/>\n\t<meta property=\"og:image:height\" content=\"512\" \/>\n\t<meta property=\"og:image:type\" content=\"image\/png\" \/>\n<meta name=\"author\" content=\"adminELITAX\" \/>\n<meta name=\"twitter:card\" content=\"summary_large_image\" \/>\n<meta name=\"twitter:label1\" content=\"\u00c9crit par\" \/>\n\t<meta name=\"twitter:data1\" content=\"adminELITAX\" \/>\n\t<meta name=\"twitter:label2\" content=\"Dur\u00e9e de lecture estim\u00e9e\" \/>\n\t<meta name=\"twitter:data2\" content=\"4 minutes\" \/>\n<script type=\"application\/ld+json\" class=\"yoast-schema-graph\">{\"@context\":\"https:\/\/schema.org\",\"@graph\":[{\"@type\":\"Article\",\"@id\":\"https:\/\/www.elitax.com\/fr\/obligation-fiscale-pour-les-employeurs-etrangers-ayant-un-salarie-en-france\/#article\",\"isPartOf\":{\"@id\":\"https:\/\/www.elitax.com\/fr\/obligation-fiscale-pour-les-employeurs-etrangers-ayant-un-salarie-en-france\/\"},\"author\":{\"name\":\"adminELITAX\",\"@id\":\"https:\/\/www.elitax.com\/fr\/#\/schema\/person\/8e09962909df9dcf32f75696b84bb6ec\"},\"headline\":\"Obligation fiscale pour les employeurs \u00e9trangers qui ont un salari\u00e9 en France\",\"datePublished\":\"2021-11-29T16:11:03+00:00\",\"dateModified\":\"2021-12-27T20:31:29+00:00\",\"mainEntityOfPage\":{\"@id\":\"https:\/\/www.elitax.com\/fr\/obligation-fiscale-pour-les-employeurs-etrangers-ayant-un-salarie-en-france\/\"},\"wordCount\":776,\"commentCount\":0,\"image\":{\"@id\":\"https:\/\/www.elitax.com\/fr\/obligation-fiscale-pour-les-employeurs-etrangers-ayant-un-salarie-en-france\/#primaryimage\"},\"thumbnailUrl\":\"https:\/\/www.elitax.com\/wp-content\/uploads\/2021\/11\/Social.png\",\"articleSection\":[\"Non classifi\u00e9(e)\"],\"inLanguage\":\"fr-FR\",\"potentialAction\":[{\"@type\":\"CommentAction\",\"name\":\"Comment\",\"target\":[\"https:\/\/www.elitax.com\/fr\/obligation-fiscale-pour-les-employeurs-etrangers-ayant-un-salarie-en-france\/#respond\"]}]},{\"@type\":\"WebPage\",\"@id\":\"https:\/\/www.elitax.com\/fr\/obligation-fiscale-pour-les-employeurs-etrangers-ayant-un-salarie-en-france\/\",\"url\":\"https:\/\/www.elitax.com\/fr\/obligation-fiscale-pour-les-employeurs-etrangers-ayant-un-salarie-en-france\/\",\"name\":\"Obligation fiscale pour les employeurs \u00e9trangers qui ont un salari\u00e9 en France\",\"isPartOf\":{\"@id\":\"https:\/\/www.elitax.com\/fr\/#website\"},\"primaryImageOfPage\":{\"@id\":\"https:\/\/www.elitax.com\/fr\/obligation-fiscale-pour-les-employeurs-etrangers-ayant-un-salarie-en-france\/#primaryimage\"},\"image\":{\"@id\":\"https:\/\/www.elitax.com\/fr\/obligation-fiscale-pour-les-employeurs-etrangers-ayant-un-salarie-en-france\/#primaryimage\"},\"thumbnailUrl\":\"https:\/\/www.elitax.com\/wp-content\/uploads\/2021\/11\/Social.png\",\"datePublished\":\"2021-11-29T16:11:03+00:00\",\"dateModified\":\"2021-12-27T20:31:29+00:00\",\"author\":{\"@id\":\"https:\/\/www.elitax.com\/fr\/#\/schema\/person\/8e09962909df9dcf32f75696b84bb6ec\"},\"description\":\"D\u00e9couvrez les diff\u00e9rentes obligations que les employeurs \u00e9trangers ayant un salari\u00e9 en France doivent respecter\",\"breadcrumb\":{\"@id\":\"https:\/\/www.elitax.com\/fr\/obligation-fiscale-pour-les-employeurs-etrangers-ayant-un-salarie-en-france\/#breadcrumb\"},\"inLanguage\":\"fr-FR\",\"potentialAction\":[{\"@type\":\"ReadAction\",\"target\":[\"https:\/\/www.elitax.com\/fr\/obligation-fiscale-pour-les-employeurs-etrangers-ayant-un-salarie-en-france\/\"]}]},{\"@type\":\"ImageObject\",\"inLanguage\":\"fr-FR\",\"@id\":\"https:\/\/www.elitax.com\/fr\/obligation-fiscale-pour-les-employeurs-etrangers-ayant-un-salarie-en-france\/#primaryimage\",\"url\":\"https:\/\/www.elitax.com\/wp-content\/uploads\/2021\/11\/Social.png\",\"contentUrl\":\"https:\/\/www.elitax.com\/wp-content\/uploads\/2021\/11\/Social.png\",\"width\":1024,\"height\":512},{\"@type\":\"BreadcrumbList\",\"@id\":\"https:\/\/www.elitax.com\/fr\/obligation-fiscale-pour-les-employeurs-etrangers-ayant-un-salarie-en-france\/#breadcrumb\",\"itemListElement\":[{\"@type\":\"ListItem\",\"position\":1,\"name\":\"Accueil\",\"item\":\"https:\/\/www.elitax.com\/fr\/\"},{\"@type\":\"ListItem\",\"position\":2,\"name\":\"Obligation fiscale pour les employeurs \u00e9trangers qui ont un salari\u00e9 en France\"}]},{\"@type\":\"WebSite\",\"@id\":\"https:\/\/www.elitax.com\/fr\/#website\",\"url\":\"https:\/\/www.elitax.com\/fr\/\",\"name\":\"ELITAX\",\"description\":\"One Stop Service for Taxes in France\",\"potentialAction\":[{\"@type\":\"SearchAction\",\"target\":{\"@type\":\"EntryPoint\",\"urlTemplate\":\"https:\/\/www.elitax.com\/fr\/?s={search_term_string}\"},\"query-input\":{\"@type\":\"PropertyValueSpecification\",\"valueRequired\":true,\"valueName\":\"search_term_string\"}}],\"inLanguage\":\"fr-FR\"},{\"@type\":\"Person\",\"@id\":\"https:\/\/www.elitax.com\/fr\/#\/schema\/person\/8e09962909df9dcf32f75696b84bb6ec\",\"name\":\"adminELITAX\",\"image\":{\"@type\":\"ImageObject\",\"inLanguage\":\"fr-FR\",\"@id\":\"https:\/\/secure.gravatar.com\/avatar\/a265eb15bcf1f8c3aa1258b0c17969ad3fce9afb3a4eba36d7370c9eb8e8fa1b?s=96&d=mm&r=g\",\"url\":\"https:\/\/secure.gravatar.com\/avatar\/a265eb15bcf1f8c3aa1258b0c17969ad3fce9afb3a4eba36d7370c9eb8e8fa1b?s=96&d=mm&r=g\",\"contentUrl\":\"https:\/\/secure.gravatar.com\/avatar\/a265eb15bcf1f8c3aa1258b0c17969ad3fce9afb3a4eba36d7370c9eb8e8fa1b?s=96&d=mm&r=g\",\"caption\":\"adminELITAX\"},\"sameAs\":[\"https:\/\/www.elitax.com\"],\"url\":\"https:\/\/www.elitax.com\/fr\/author\/adminelitax\/\"}]}<\/script>\n<!-- \/ Yoast SEO plugin. -->","yoast_head_json":{"title":"Obligation fiscale pour les employeurs \u00e9trangers qui ont un salari\u00e9 en France","description":"D\u00e9couvrez les diff\u00e9rentes obligations que les employeurs \u00e9trangers ayant un salari\u00e9 en France doivent respecter","robots":{"index":"index","follow":"follow","max-snippet":"max-snippet:-1","max-image-preview":"max-image-preview:large","max-video-preview":"max-video-preview:-1"},"canonical":"https:\/\/www.elitax.com\/fr\/obligation-fiscale-pour-les-employeurs-etrangers-ayant-un-salarie-en-france\/","og_locale":"fr_FR","og_type":"article","og_title":"Obligation fiscale pour les employeurs \u00e9trangers qui ont un salari\u00e9 en France","og_description":"D\u00e9couvrez les diff\u00e9rentes obligations que les employeurs \u00e9trangers ayant un salari\u00e9 en France doivent respecter","og_url":"https:\/\/www.elitax.com\/fr\/obligation-fiscale-pour-les-employeurs-etrangers-ayant-un-salarie-en-france\/","og_site_name":"ELITAX","article_published_time":"2021-11-29T16:11:03+00:00","article_modified_time":"2021-12-27T20:31:29+00:00","og_image":[{"width":1024,"height":512,"url":"https:\/\/www.elitax.com\/wp-content\/uploads\/2021\/11\/Social.png","type":"image\/png"}],"author":"adminELITAX","twitter_card":"summary_large_image","twitter_misc":{"\u00c9crit par":"adminELITAX","Dur\u00e9e de lecture estim\u00e9e":"4 minutes"},"schema":{"@context":"https:\/\/schema.org","@graph":[{"@type":"Article","@id":"https:\/\/www.elitax.com\/fr\/obligation-fiscale-pour-les-employeurs-etrangers-ayant-un-salarie-en-france\/#article","isPartOf":{"@id":"https:\/\/www.elitax.com\/fr\/obligation-fiscale-pour-les-employeurs-etrangers-ayant-un-salarie-en-france\/"},"author":{"name":"adminELITAX","@id":"https:\/\/www.elitax.com\/fr\/#\/schema\/person\/8e09962909df9dcf32f75696b84bb6ec"},"headline":"Obligation fiscale pour les employeurs \u00e9trangers qui ont un salari\u00e9 en France","datePublished":"2021-11-29T16:11:03+00:00","dateModified":"2021-12-27T20:31:29+00:00","mainEntityOfPage":{"@id":"https:\/\/www.elitax.com\/fr\/obligation-fiscale-pour-les-employeurs-etrangers-ayant-un-salarie-en-france\/"},"wordCount":776,"commentCount":0,"image":{"@id":"https:\/\/www.elitax.com\/fr\/obligation-fiscale-pour-les-employeurs-etrangers-ayant-un-salarie-en-france\/#primaryimage"},"thumbnailUrl":"https:\/\/www.elitax.com\/wp-content\/uploads\/2021\/11\/Social.png","articleSection":["Non classifi\u00e9(e)"],"inLanguage":"fr-FR","potentialAction":[{"@type":"CommentAction","name":"Comment","target":["https:\/\/www.elitax.com\/fr\/obligation-fiscale-pour-les-employeurs-etrangers-ayant-un-salarie-en-france\/#respond"]}]},{"@type":"WebPage","@id":"https:\/\/www.elitax.com\/fr\/obligation-fiscale-pour-les-employeurs-etrangers-ayant-un-salarie-en-france\/","url":"https:\/\/www.elitax.com\/fr\/obligation-fiscale-pour-les-employeurs-etrangers-ayant-un-salarie-en-france\/","name":"Obligation fiscale pour les employeurs \u00e9trangers qui ont un salari\u00e9 en France","isPartOf":{"@id":"https:\/\/www.elitax.com\/fr\/#website"},"primaryImageOfPage":{"@id":"https:\/\/www.elitax.com\/fr\/obligation-fiscale-pour-les-employeurs-etrangers-ayant-un-salarie-en-france\/#primaryimage"},"image":{"@id":"https:\/\/www.elitax.com\/fr\/obligation-fiscale-pour-les-employeurs-etrangers-ayant-un-salarie-en-france\/#primaryimage"},"thumbnailUrl":"https:\/\/www.elitax.com\/wp-content\/uploads\/2021\/11\/Social.png","datePublished":"2021-11-29T16:11:03+00:00","dateModified":"2021-12-27T20:31:29+00:00","author":{"@id":"https:\/\/www.elitax.com\/fr\/#\/schema\/person\/8e09962909df9dcf32f75696b84bb6ec"},"description":"D\u00e9couvrez les diff\u00e9rentes obligations que les employeurs \u00e9trangers ayant un salari\u00e9 en France doivent respecter","breadcrumb":{"@id":"https:\/\/www.elitax.com\/fr\/obligation-fiscale-pour-les-employeurs-etrangers-ayant-un-salarie-en-france\/#breadcrumb"},"inLanguage":"fr-FR","potentialAction":[{"@type":"ReadAction","target":["https:\/\/www.elitax.com\/fr\/obligation-fiscale-pour-les-employeurs-etrangers-ayant-un-salarie-en-france\/"]}]},{"@type":"ImageObject","inLanguage":"fr-FR","@id":"https:\/\/www.elitax.com\/fr\/obligation-fiscale-pour-les-employeurs-etrangers-ayant-un-salarie-en-france\/#primaryimage","url":"https:\/\/www.elitax.com\/wp-content\/uploads\/2021\/11\/Social.png","contentUrl":"https:\/\/www.elitax.com\/wp-content\/uploads\/2021\/11\/Social.png","width":1024,"height":512},{"@type":"BreadcrumbList","@id":"https:\/\/www.elitax.com\/fr\/obligation-fiscale-pour-les-employeurs-etrangers-ayant-un-salarie-en-france\/#breadcrumb","itemListElement":[{"@type":"ListItem","position":1,"name":"Accueil","item":"https:\/\/www.elitax.com\/fr\/"},{"@type":"ListItem","position":2,"name":"Obligation fiscale pour les employeurs \u00e9trangers qui ont un salari\u00e9 en France"}]},{"@type":"WebSite","@id":"https:\/\/www.elitax.com\/fr\/#website","url":"https:\/\/www.elitax.com\/fr\/","name":"ELITAX","description":"One Stop Service for Taxes in France","potentialAction":[{"@type":"SearchAction","target":{"@type":"EntryPoint","urlTemplate":"https:\/\/www.elitax.com\/fr\/?s={search_term_string}"},"query-input":{"@type":"PropertyValueSpecification","valueRequired":true,"valueName":"search_term_string"}}],"inLanguage":"fr-FR"},{"@type":"Person","@id":"https:\/\/www.elitax.com\/fr\/#\/schema\/person\/8e09962909df9dcf32f75696b84bb6ec","name":"adminELITAX","image":{"@type":"ImageObject","inLanguage":"fr-FR","@id":"https:\/\/secure.gravatar.com\/avatar\/a265eb15bcf1f8c3aa1258b0c17969ad3fce9afb3a4eba36d7370c9eb8e8fa1b?s=96&d=mm&r=g","url":"https:\/\/secure.gravatar.com\/avatar\/a265eb15bcf1f8c3aa1258b0c17969ad3fce9afb3a4eba36d7370c9eb8e8fa1b?s=96&d=mm&r=g","contentUrl":"https:\/\/secure.gravatar.com\/avatar\/a265eb15bcf1f8c3aa1258b0c17969ad3fce9afb3a4eba36d7370c9eb8e8fa1b?s=96&d=mm&r=g","caption":"adminELITAX"},"sameAs":["https:\/\/www.elitax.com"],"url":"https:\/\/www.elitax.com\/fr\/author\/adminelitax\/"}]}},"_links":{"self":[{"href":"https:\/\/www.elitax.com\/fr\/wp-json\/wp\/v2\/posts\/358893","targetHints":{"allow":["GET"]}}],"collection":[{"href":"https:\/\/www.elitax.com\/fr\/wp-json\/wp\/v2\/posts"}],"about":[{"href":"https:\/\/www.elitax.com\/fr\/wp-json\/wp\/v2\/types\/post"}],"author":[{"embeddable":true,"href":"https:\/\/www.elitax.com\/fr\/wp-json\/wp\/v2\/users\/1"}],"replies":[{"embeddable":true,"href":"https:\/\/www.elitax.com\/fr\/wp-json\/wp\/v2\/comments?post=358893"}],"version-history":[{"count":0,"href":"https:\/\/www.elitax.com\/fr\/wp-json\/wp\/v2\/posts\/358893\/revisions"}],"wp:featuredmedia":[{"embeddable":true,"href":"https:\/\/www.elitax.com\/fr\/wp-json\/wp\/v2\/media\/358442"}],"wp:attachment":[{"href":"https:\/\/www.elitax.com\/fr\/wp-json\/wp\/v2\/media?parent=358893"}],"wp:term":[{"taxonomy":"category","embeddable":true,"href":"https:\/\/www.elitax.com\/fr\/wp-json\/wp\/v2\/categories?post=358893"},{"taxonomy":"post_tag","embeddable":true,"href":"https:\/\/www.elitax.com\/fr\/wp-json\/wp\/v2\/tags?post=358893"}],"curies":[{"name":"wp","href":"https:\/\/api.w.org\/{rel}","templated":true}]}}